{"id":2401,"date":"2019-05-20T16:05:15","date_gmt":"2019-05-20T16:05:15","guid":{"rendered":"http:\/\/www.comforsa.com\/visita-comercial-a-ege-endustri-a-esmirna-turquia\/"},"modified":"2019-10-22T07:47:52","modified_gmt":"2019-10-22T07:47:52","slug":"visita-comercial-a-ege-endustri-a-esmirna-turquia","status":"publish","type":"post","link":"https:\/\/www.comforsa.com\/es\/visita-comercial-a-ege-endustri-a-esmirna-turquia\/","title":{"rendered":"Visita comercial a Ege End\u00fcstri en Esmirna, Turquia"},"content":{"rendered":"<p>El Director General y el Director Executivo, con el Director y un miembro del Departamento Comercial de Comforsa se desplazaron hasta Turqu\u00eda para encontrarse con el equipo directivo y visitar les instalaciones de Ege End\u00fcstri en Serbest, la Zona Franca d&#8217;Esmirna, el pasado 20 de mayo. <\/p>\n<p><img loading=\"lazy\" decoding=\"async\" class=\"wp-image-2394 alignnone\" src=\"http:\/\/www.comforsa.com\/wp-content\/uploads\/2019\/06\/IMG-20190520-WA0009-e1560528721953-300x267.jpg\" alt=\"\" width=\"443\" height=\"394\" srcset=\"https:\/\/www.comforsa.com\/wp-content\/uploads\/2019\/06\/IMG-20190520-WA0009-e1560528721953-300x267.jpg 300w, https:\/\/www.comforsa.com\/wp-content\/uploads\/2019\/06\/IMG-20190520-WA0009-e1560528721953-768x683.jpg 768w, https:\/\/www.comforsa.com\/wp-content\/uploads\/2019\/06\/IMG-20190520-WA0009-e1560528721953-1024x911.jpg 1024w, https:\/\/www.comforsa.com\/wp-content\/uploads\/2019\/06\/IMG-20190520-WA0009-e1560528721953-1080x960.jpg 1080w, https:\/\/www.comforsa.com\/wp-content\/uploads\/2019\/06\/IMG-20190520-WA0009-e1560528721953.jpg 1200w\" sizes=\"(max-width: 443px) 100vw, 443px\" \/><\/p>\n<p>Ege End\u00fcstri es un cliente de Comforsa que fabrica ejes para camiones para los mercados europeos y americanos. La reuni\u00f3 permiti\u00f3 a las dos compa\u00f1\u00edas reforzar les bases para una relaci\u00f3n comercial a largo plazo y buscar sinergias que permitan desarrollar un negocio com\u00fan.<\/p>\n","protected":false},"excerpt":{"rendered":"<p>El Director General y el Director Executivo, con el Director y un miembro del Departamento Comercial de Comforsa se desplazaron hasta Turqu\u00eda para encontrarse con el equipo directivo y visitar les instalaciones de Ege End\u00fcstri en Serbest, la Zona Franca d&#8217;Esmirna, el pasado 20 de mayo. Ege End\u00fcstri es un cliente de Comforsa que fabrica [&hellip;]<\/p>\n","protected":false},"author":1,"featured_media":0,"comment_status":"open","ping_status":"open","sticky":false,"template":"","format":"standard","meta":{"_et_pb_use_builder":"","_et_pb_old_content":"","_et_gb_content_width":"","footnotes":""},"categories":[67],"tags":[],"class_list":["post-2401","post","type-post","status-publish","format-standard","hentry","category-novedades"],"_links":{"self":[{"href":"https:\/\/www.comforsa.com\/es\/wp-json\/wp\/v2\/posts\/2401","targetHints":{"allow":["GET"]}}],"collection":[{"href":"https:\/\/www.comforsa.com\/es\/wp-json\/wp\/v2\/posts"}],"about":[{"href":"https:\/\/www.comforsa.com\/es\/wp-json\/wp\/v2\/types\/post"}],"author":[{"embeddable":true,"href":"https:\/\/www.comforsa.com\/es\/wp-json\/wp\/v2\/users\/1"}],"replies":[{"embeddable":true,"href":"https:\/\/www.comforsa.com\/es\/wp-json\/wp\/v2\/comments?post=2401"}],"version-history":[{"count":1,"href":"https:\/\/www.comforsa.com\/es\/wp-json\/wp\/v2\/posts\/2401\/revisions"}],"predecessor-version":[{"id":2402,"href":"https:\/\/www.comforsa.com\/es\/wp-json\/wp\/v2\/posts\/2401\/revisions\/2402"}],"wp:attachment":[{"href":"https:\/\/www.comforsa.com\/es\/wp-json\/wp\/v2\/media?parent=2401"}],"wp:term":[{"taxonomy":"category","embeddable":true,"href":"https:\/\/www.comforsa.com\/es\/wp-json\/wp\/v2\/categories?post=2401"},{"taxonomy":"post_tag","embeddable":true,"href":"https:\/\/www.comforsa.com\/es\/wp-json\/wp\/v2\/tags?post=2401"}],"curies":[{"name":"wp","href":"https:\/\/api.w.org\/{rel}","templated":true}]}}